{"id":5968,"date":"2024-05-27T15:22:58","date_gmt":"2024-05-27T13:22:58","guid":{"rendered":"https:\/\/codep45-ffct-org.fr\/?p=5968"},"modified":"2024-05-27T15:30:11","modified_gmt":"2024-05-27T13:30:11","slug":"dd","status":"publish","type":"post","link":"https:\/\/codep45-ffct-org.fr\/index.php\/2024\/05\/27\/dd\/","title":{"rendered":"F\u00eate du V\u00e9lo des Ecoles d&rsquo;Orl\u00e9ans M\u00e9tropole du 23 mai 2024"},"content":{"rendered":"\n<p><\/p>\n\n\n\n<div class=\"wp-block-media-text alignwide is-stacked-on-mobile\"><figure class=\"wp-block-media-text__media\"><img loading=\"lazy\" width=\"1024\" height=\"768\" src=\"https:\/\/codep45-ffct-org.fr\/wp-content\/uploads\/2024\/05\/stand-Mai--1024x768.jpg\" alt=\"\" class=\"wp-image-5969 size-full\" srcset=\"https:\/\/codep45-ffct-org.fr\/wp-content\/uploads\/2024\/05\/stand-Mai--1024x768.jpg 1024w, https:\/\/codep45-ffct-org.fr\/wp-content\/uploads\/2024\/05\/stand-Mai--300x225.jpg 300w, https:\/\/codep45-ffct-org.fr\/wp-content\/uploads\/2024\/05\/stand-Mai--768x576.jpg 768w, https:\/\/codep45-ffct-org.fr\/wp-content\/uploads\/2024\/05\/stand-Mai--1536x1152.jpg 1536w, https:\/\/codep45-ffct-org.fr\/wp-content\/uploads\/2024\/05\/stand-Mai--2048x1536.jpg 2048w, https:\/\/codep45-ffct-org.fr\/wp-content\/uploads\/2024\/05\/stand-Mai--370x278.jpg 370w, https:\/\/codep45-ffct-org.fr\/wp-content\/uploads\/2024\/05\/stand-Mai--1040x780.jpg 1040w\" sizes=\"(max-width: 1024px) 100vw, 1024px\" \/><\/figure><div class=\"wp-block-media-text__content\">\n<p>A l\u2019occasion de la F\u00eate du v\u00e9lo des \u00e9coles d\u2019Orl\u00e9ans M\u00e9tropole sur la base de loisirs de l\u2019Ile Charlemagne, 1000 scolaires et leurs 150 accompagnateurs ont pu d\u00e9couvrir de nombreuses facettes de la pratique du v\u00e9lo, ainsi qu\u2019\u00eatre sensibilis\u00e9s aux questions de s\u00e9curit\u00e9 et de biodiversit\u00e9.Le comit\u00e9 FFCT loir\u00e9tain tenait un stand dans la partie \u00ab&nbsp;pratique du v\u00e9lo&nbsp;\u00bb o\u00f9 il a propos\u00e9 \u00e0 200 scolaires de se tester sur un parcours de maniabilit\u00e9.La pluie&nbsp;\u2013 parfois tr\u00e8s intense &#8211; a contrari\u00e9 cette journ\u00e9e, mais la plupart des scolaires en redemandait\u2026Dans la matin\u00e9e, quelques b\u00e9n\u00e9voles ont accompagn\u00e9 les \u00e9coles primaires de St Denis en Val dans une boucle leur permettant de valider leur bloc 3 du SRAV (Savoir Rouler A V\u00e9lo).Merci \u00e0 Claudine, Beno\u00eet, Christophe, Denis, Didier, \u00c9ric et Jean-Paul pour leur contribution \u00e0 la r\u00e9ussite de cette journ\u00e9e.<\/p>\n<\/div><\/div>\n","protected":false},"excerpt":{"rendered":"<p>A l\u2019occasion de la F\u00eate du v\u00e9lo des \u00e9coles d\u2019Orl\u00e9ans M\u00e9tropole sur la base de loisirs de l\u2019Ile Charlemagne, 1000 scolaires et leurs 150 accompagnateurs ont pu d\u00e9couvrir de nombreuses facettes de la pratique du[&#8230;]<\/p>\n","protected":false},"author":1,"featured_media":0,"comment_status":"open","ping_status":"open","sticky":false,"template":"","format":"image","meta":[],"categories":[1],"tags":[],"_links":{"self":[{"href":"https:\/\/codep45-ffct-org.fr\/index.php\/wp-json\/wp\/v2\/posts\/5968"}],"collection":[{"href":"https:\/\/codep45-ffct-org.fr\/index.php\/wp-json\/wp\/v2\/posts"}],"about":[{"href":"https:\/\/codep45-ffct-org.fr\/index.php\/wp-json\/wp\/v2\/types\/post"}],"author":[{"embeddable":true,"href":"https:\/\/codep45-ffct-org.fr\/index.php\/wp-json\/wp\/v2\/users\/1"}],"replies":[{"embeddable":true,"href":"https:\/\/codep45-ffct-org.fr\/index.php\/wp-json\/wp\/v2\/comments?post=5968"}],"version-history":[{"count":3,"href":"https:\/\/codep45-ffct-org.fr\/index.php\/wp-json\/wp\/v2\/posts\/5968\/revisions"}],"predecessor-version":[{"id":5972,"href":"https:\/\/codep45-ffct-org.fr\/index.php\/wp-json\/wp\/v2\/posts\/5968\/revisions\/5972"}],"wp:attachment":[{"href":"https:\/\/codep45-ffct-org.fr\/index.php\/wp-json\/wp\/v2\/media?parent=5968"}],"wp:term":[{"taxonomy":"category","embeddable":true,"href":"https:\/\/codep45-ffct-org.fr\/index.php\/wp-json\/wp\/v2\/categories?post=5968"},{"taxonomy":"post_tag","embeddable":true,"href":"https:\/\/codep45-ffct-org.fr\/index.php\/wp-json\/wp\/v2\/tags?post=5968"}],"curies":[{"name":"wp","href":"https:\/\/api.w.org\/{rel}","templated":true}]}}